{"id":73171,"date":"2024-12-11T11:51:28","date_gmt":"2024-12-11T13:51:28","guid":{"rendered":"http:\/\/www.lorena.sp.gov.br\/wordpress\/?p=73171"},"modified":"2024-12-13T11:52:50","modified_gmt":"2024-12-13T13:52:50","slug":"comunicado-csu-fechado-nesta-sexta-e-sabado-13-e-14-12","status":"publish","type":"post","link":"http:\/\/www.lorena.sp.gov.br\/wordpress\/index.php\/2024\/12\/11\/comunicado-csu-fechado-nesta-sexta-e-sabado-13-e-14-12\/","title":{"rendered":"Comunicado: CSU fechado nesta sexta e s\u00e1bado (13 e 14\/12)"},"content":{"rendered":"<p>A Prefeitura de Lorena informa que, nesta sexta e s\u00e1bado, dias 13 e 14 de dezembro, o Centro Social Urbano (CSU) estar\u00e1 fechado para o p\u00fablico, devido \u00e0 prepara\u00e7\u00e3o e realiza\u00e7\u00e3o de um evento interno da Prefeitura.<\/p>\n<p>Agradecemos a compreens\u00e3o.<\/p>\n<p><a href=\"http:\/\/www.lorena.sp.gov.br\/wordpress\/index.php\/2024\/12\/11\/comunicado-csu-fechado-nesta-sexta-e-sabado-13-e-14-12\/whatsapp-image-2024-12-11-at-11-36-38\/\" rel=\"attachment wp-att-73173\"><img loading=\"lazy\" decoding=\"async\" class=\"aligncenter size-full wp-image-73173\" src=\"http:\/\/www.lorena.sp.gov.br\/wordpress\/wp-content\/uploads\/2024\/12\/WhatsApp-Image-2024-12-11-at-11.36.38.jpeg\" alt=\"\" width=\"2560\" height=\"2560\" \/><\/a><\/p>\n","protected":false},"excerpt":{"rendered":"<p>A Prefeitura de Lorena informa que, nesta sexta e s\u00e1bado, dias 13 e 14 de dezembro, o Centro Social Urbano (CSU) estar\u00e1 fechado para o p\u00fablico, devido \u00e0 prepara\u00e7\u00e3o e realiza\u00e7\u00e3o de um evento interno da Prefeitura. Agradecemos a compreens\u00e3o.<\/p>\n","protected":false},"author":2,"featured_media":73172,"comment_status":"open","ping_status":"open","sticky":false,"template":"","format":"standard","meta":{"footnotes":""},"categories":[19],"tags":[],"class_list":{"0":"post-73171","1":"post","2":"type-post","3":"status-publish","4":"format-standard","5":"has-post-thumbnail","7":"category-comunicacao"},"_links":{"self":[{"href":"http:\/\/www.lorena.sp.gov.br\/wordpress\/index.php\/wp-json\/wp\/v2\/posts\/73171"}],"collection":[{"href":"http:\/\/www.lorena.sp.gov.br\/wordpress\/index.php\/wp-json\/wp\/v2\/posts"}],"about":[{"href":"http:\/\/www.lorena.sp.gov.br\/wordpress\/index.php\/wp-json\/wp\/v2\/types\/post"}],"author":[{"embeddable":true,"href":"http:\/\/www.lorena.sp.gov.br\/wordpress\/index.php\/wp-json\/wp\/v2\/users\/2"}],"replies":[{"embeddable":true,"href":"http:\/\/www.lorena.sp.gov.br\/wordpress\/index.php\/wp-json\/wp\/v2\/comments?post=73171"}],"version-history":[{"count":2,"href":"http:\/\/www.lorena.sp.gov.br\/wordpress\/index.php\/wp-json\/wp\/v2\/posts\/73171\/revisions"}],"predecessor-version":[{"id":73175,"href":"http:\/\/www.lorena.sp.gov.br\/wordpress\/index.php\/wp-json\/wp\/v2\/posts\/73171\/revisions\/73175"}],"wp:featuredmedia":[{"embeddable":true,"href":"http:\/\/www.lorena.sp.gov.br\/wordpress\/index.php\/wp-json\/wp\/v2\/media\/73172"}],"wp:attachment":[{"href":"http:\/\/www.lorena.sp.gov.br\/wordpress\/index.php\/wp-json\/wp\/v2\/media?parent=73171"}],"wp:term":[{"taxonomy":"category","embeddable":true,"href":"http:\/\/www.lorena.sp.gov.br\/wordpress\/index.php\/wp-json\/wp\/v2\/categories?post=73171"},{"taxonomy":"post_tag","embeddable":true,"href":"http:\/\/www.lorena.sp.gov.br\/wordpress\/index.php\/wp-json\/wp\/v2\/tags?post=73171"}],"curies":[{"name":"wp","href":"https:\/\/api.w.org\/{rel}","templated":true}]}}