{"id":68863,"date":"2023-08-04T15:10:26","date_gmt":"2023-08-04T18:10:26","guid":{"rendered":"http:\/\/www.lorena.sp.gov.br\/wordpress\/?p=68863"},"modified":"2023-08-04T15:10:26","modified_gmt":"2023-08-04T18:10:26","slug":"conselho-tutelar-para-a-gestao-2024-a-2027","status":"publish","type":"post","link":"http:\/\/www.lorena.sp.gov.br\/wordpress\/index.php\/2023\/08\/04\/conselho-tutelar-para-a-gestao-2024-a-2027\/","title":{"rendered":"Conselho Tutelar para a gest\u00e3o 2024 a 2027"},"content":{"rendered":"<p>Neste s\u00e1bado (5) acontece a prova de car\u00e1ter eliminat\u00f3rio para os pr\u00e9-candidatos ao processo de escolha dos membros do Conselho Tutelar para a gest\u00e3o 2024 a 2027.<\/p>\n<p>A avalia\u00e7\u00e3o est\u00e1 marcada para iniciar \u00e0s 9h no UNISAL, recomendamos que os pr\u00e9-candidatos cheguem com uma hora de anteced\u00eancia.<\/p>\n<p>Confira a lista dos pr\u00e9-candidatos, atrav\u00e9s do link abaixo:<\/p>\n<p><span style=\"color: #000000;\"><a style=\"color: #000000;\" href=\"http:\/\/www.lorena.sp.gov.br\/wordpress\/wp-content\/uploads\/2023\/07\/Rela%C3%A7%C3%A3o-candidatos-01.pdf\">http:\/\/www.lorena.sp.gov.br\/wordpress\/wp-content\/uploads\/2023\/07\/Rela%C3%A7%C3%A3o-candidatos-01.pdf<\/a><\/span><\/p>\n","protected":false},"excerpt":{"rendered":"<p>Neste s\u00e1bado (5) acontece a prova de car\u00e1ter eliminat\u00f3rio para os pr\u00e9-candidatos ao processo de escolha dos membros do Conselho Tutelar para a gest\u00e3o 2024 a 2027. A avalia\u00e7\u00e3o est\u00e1 marcada para iniciar \u00e0s 9h no UNISAL, recomendamos que os pr\u00e9-candidatos cheguem com uma hora de anteced\u00eancia. Confira a lista dos pr\u00e9-candidatos, atrav\u00e9s do link<\/p>\n<div class=\"read-more\"><a href=\"http:\/\/www.lorena.sp.gov.br\/wordpress\/index.php\/2023\/08\/04\/conselho-tutelar-para-a-gestao-2024-a-2027\/\" title=\"Read More\">Read More<\/a><\/div>\n","protected":false},"author":2,"featured_media":68864,"comment_status":"open","ping_status":"open","sticky":false,"template":"","format":"standard","meta":{"footnotes":""},"categories":[77],"tags":[],"class_list":{"0":"post-68863","1":"post","2":"type-post","3":"status-publish","4":"format-standard","5":"has-post-thumbnail","7":"category-sads"},"_links":{"self":[{"href":"http:\/\/www.lorena.sp.gov.br\/wordpress\/index.php\/wp-json\/wp\/v2\/posts\/68863"}],"collection":[{"href":"http:\/\/www.lorena.sp.gov.br\/wordpress\/index.php\/wp-json\/wp\/v2\/posts"}],"about":[{"href":"http:\/\/www.lorena.sp.gov.br\/wordpress\/index.php\/wp-json\/wp\/v2\/types\/post"}],"author":[{"embeddable":true,"href":"http:\/\/www.lorena.sp.gov.br\/wordpress\/index.php\/wp-json\/wp\/v2\/users\/2"}],"replies":[{"embeddable":true,"href":"http:\/\/www.lorena.sp.gov.br\/wordpress\/index.php\/wp-json\/wp\/v2\/comments?post=68863"}],"version-history":[{"count":1,"href":"http:\/\/www.lorena.sp.gov.br\/wordpress\/index.php\/wp-json\/wp\/v2\/posts\/68863\/revisions"}],"predecessor-version":[{"id":68865,"href":"http:\/\/www.lorena.sp.gov.br\/wordpress\/index.php\/wp-json\/wp\/v2\/posts\/68863\/revisions\/68865"}],"wp:featuredmedia":[{"embeddable":true,"href":"http:\/\/www.lorena.sp.gov.br\/wordpress\/index.php\/wp-json\/wp\/v2\/media\/68864"}],"wp:attachment":[{"href":"http:\/\/www.lorena.sp.gov.br\/wordpress\/index.php\/wp-json\/wp\/v2\/media?parent=68863"}],"wp:term":[{"taxonomy":"category","embeddable":true,"href":"http:\/\/www.lorena.sp.gov.br\/wordpress\/index.php\/wp-json\/wp\/v2\/categories?post=68863"},{"taxonomy":"post_tag","embeddable":true,"href":"http:\/\/www.lorena.sp.gov.br\/wordpress\/index.php\/wp-json\/wp\/v2\/tags?post=68863"}],"curies":[{"name":"wp","href":"https:\/\/api.w.org\/{rel}","templated":true}]}}