{"id":66874,"date":"2022-11-04T16:59:20","date_gmt":"2022-11-04T19:59:20","guid":{"rendered":"http:\/\/www.lorena.sp.gov.br\/wordpress\/?p=66874"},"modified":"2022-11-04T16:59:20","modified_gmt":"2022-11-04T19:59:20","slug":"lorena-recebe-a-expo-isa-brazil-2022-confira-a-programacao","status":"publish","type":"post","link":"http:\/\/www.lorena.sp.gov.br\/wordpress\/index.php\/2022\/11\/04\/lorena-recebe-a-expo-isa-brazil-2022-confira-a-programacao\/","title":{"rendered":"Lorena recebe a Expo ISA Brazil 2022. Confira a programa\u00e7\u00e3o!"},"content":{"rendered":"<p>Com a presen\u00e7a do Astronauta Marcos Pontes, a Expo ISA Brazil International Automation &amp; Innovation 2022 acontece nos dias 9 e 10 de novembro, na Unisal. O evento \u00e9 gratuito, em uma realiza\u00e7\u00e3o do Distrito ISA Brazil, com o apoio da Prefeitura de Lorena, por meio da Secretaria de Desenvolvimento Econ\u00f4mico, e da Unisal.<\/p>\n<p>Voltado a diversas \u00e1reas da ind\u00fastria, visa reunir empres\u00e1rios, estudantes e entusiastas em um universo de inova\u00e7\u00e3o, tecnologia e oportunidades. Para participar, \u00e9 preciso realizar uma inscri\u00e7\u00e3o, que pode ser feita gratuitamente pelo link https:\/\/cutt.ly\/SNZoC84 ou na Bio do Instagram.<\/p>\n<p>O objetivo \u00e9 integrar os quatro setores: P\u00fablico, Privado, Universidades e Institui\u00e7\u00f5es, proporcionando a atualiza\u00e7\u00e3o e capacita\u00e7\u00e3o t\u00e9cnica com as mais recentes tecnologias, al\u00e9m da ampla integra\u00e7\u00e3o entre usu\u00e1rios (ind\u00fastrias, agroneg\u00f3cio, saneamento) e fabricantes. O evento, al\u00e9m de ser um ambiente prop\u00edcio para o Networking, leva o nome de Lorena para uma visibilidade mundial, j\u00e1 que a Feira ser\u00e1 transmitida para v\u00e1rios pa\u00edses do mundo que comp\u00f5e o ISA Internacional.<\/p>\n<p>Haver\u00e1 13 palestras t\u00e9cnicas, ministradas por empres\u00e1rios de diversos setores, com foco na atualiza\u00e7\u00e3o profissional. A abertura conta com a presen\u00e7a do Astronauta Marcos Pontes, do Prefeito Sylvio Ballerini, representantes da ISA Brazil, Unisal, Microsoft e outros participantes. Mais detalhes sobre a programa\u00e7\u00e3o podem ser acessados pelo mesmo link de inscri\u00e7\u00e3o.<\/p>\n<p>O Distrito ISA Brasil, \u00e9 uma empresa do Terceiro Setor, que desenvolve a sua atividade sem fins lucrativos e atendendo as atuais exig\u00eancias do mercado<\/p>\n<p>Inscreva-se e participe!<\/p>\n<p>#lorenanaopara #governodeoportunidades #expoisabrazil2022 #tecnologia #inovacao #empreendedorismo<\/p>\n<p><img loading=\"lazy\" decoding=\"async\" class=\"aligncenter size-full wp-image-66873\" src=\"http:\/\/www.lorena.sp.gov.br\/wordpress\/wp-content\/uploads\/2022\/11\/WhatsApp-Image-2022-11-04-at-16.08.24.jpeg\" alt=\"WhatsApp Image 2022-11-04 at 16.08.24\" width=\"1080\" height=\"1080\" \/><\/p>\n","protected":false},"excerpt":{"rendered":"<p>Com a presen\u00e7a do Astronauta Marcos Pontes, a Expo ISA Brazil International Automation &amp; Innovation 2022 acontece nos dias 9 e 10 de novembro, na Unisal. O evento \u00e9 gratuito, em uma realiza\u00e7\u00e3o do Distrito ISA Brazil, com o apoio da Prefeitura de Lorena, por meio da Secretaria de Desenvolvimento Econ\u00f4mico, e da Unisal. Voltado<\/p>\n<div class=\"read-more\"><a href=\"http:\/\/www.lorena.sp.gov.br\/wordpress\/index.php\/2022\/11\/04\/lorena-recebe-a-expo-isa-brazil-2022-confira-a-programacao\/\" title=\"Read More\">Read More<\/a><\/div>\n","protected":false},"author":2,"featured_media":66872,"comment_status":"open","ping_status":"open","sticky":false,"template":"","format":"standard","meta":{"footnotes":""},"categories":[9],"tags":[],"class_list":{"0":"post-66874","1":"post","2":"type-post","3":"status-publish","4":"format-standard","5":"has-post-thumbnail","7":"category-sdecti"},"_links":{"self":[{"href":"http:\/\/www.lorena.sp.gov.br\/wordpress\/index.php\/wp-json\/wp\/v2\/posts\/66874"}],"collection":[{"href":"http:\/\/www.lorena.sp.gov.br\/wordpress\/index.php\/wp-json\/wp\/v2\/posts"}],"about":[{"href":"http:\/\/www.lorena.sp.gov.br\/wordpress\/index.php\/wp-json\/wp\/v2\/types\/post"}],"author":[{"embeddable":true,"href":"http:\/\/www.lorena.sp.gov.br\/wordpress\/index.php\/wp-json\/wp\/v2\/users\/2"}],"replies":[{"embeddable":true,"href":"http:\/\/www.lorena.sp.gov.br\/wordpress\/index.php\/wp-json\/wp\/v2\/comments?post=66874"}],"version-history":[{"count":1,"href":"http:\/\/www.lorena.sp.gov.br\/wordpress\/index.php\/wp-json\/wp\/v2\/posts\/66874\/revisions"}],"predecessor-version":[{"id":66875,"href":"http:\/\/www.lorena.sp.gov.br\/wordpress\/index.php\/wp-json\/wp\/v2\/posts\/66874\/revisions\/66875"}],"wp:featuredmedia":[{"embeddable":true,"href":"http:\/\/www.lorena.sp.gov.br\/wordpress\/index.php\/wp-json\/wp\/v2\/media\/66872"}],"wp:attachment":[{"href":"http:\/\/www.lorena.sp.gov.br\/wordpress\/index.php\/wp-json\/wp\/v2\/media?parent=66874"}],"wp:term":[{"taxonomy":"category","embeddable":true,"href":"http:\/\/www.lorena.sp.gov.br\/wordpress\/index.php\/wp-json\/wp\/v2\/categories?post=66874"},{"taxonomy":"post_tag","embeddable":true,"href":"http:\/\/www.lorena.sp.gov.br\/wordpress\/index.php\/wp-json\/wp\/v2\/tags?post=66874"}],"curies":[{"name":"wp","href":"https:\/\/api.w.org\/{rel}","templated":true}]}}