{"id":55528,"date":"2020-05-12T09:20:09","date_gmt":"2020-05-12T12:20:09","guid":{"rendered":"http:\/\/www.lorena.sp.gov.br\/wordpress\/?p=55528"},"modified":"2020-05-12T09:20:09","modified_gmt":"2020-05-12T12:20:09","slug":"lorena-tera-mais-dez-leitos-de-uti-para-a-santa-casa","status":"publish","type":"post","link":"http:\/\/www.lorena.sp.gov.br\/wordpress\/index.php\/2020\/05\/12\/lorena-tera-mais-dez-leitos-de-uti-para-a-santa-casa\/","title":{"rendered":"Lorena ter\u00e1 mais dez leitos de UTI para a Santa Casa"},"content":{"rendered":"<p style=\"text-align: justify;\"><span style=\"color: #000000;\">Prefeito F\u00e1bio Marcondes, Vice Prefeita Marietta Bartelega, Secret\u00e1ria de Sa\u00fade Imaculada Concei\u00e7\u00e3o e Superintendente da Santa Casa Dario Barbosa Costa, nesta segunda-feira (11), est\u00e3o viabilizando a comunidade Lorenense, mais dez leitos de UTI.<\/span><\/p>\n<p style=\"text-align: justify;\"><span style=\"color: #000000;\">Neste momento t\u00e3o importante, estes dez leitos dar\u00e3o uma garantia a mais para a popula\u00e7\u00e3o, com mais seguran\u00e7a na assist\u00eancia aos pacientes infectados pela Covid-19. Importante ainda ressaltar, que a Prefeitura est\u00e1 atuando atrav\u00e9s de um novo plano de trabalho junto a Santa Casa de Miseric\u00f3rdia de Lorena com o custeio de 100 mil reais durante tr\u00eas meses consecutivos, correspondendo a um montante de 300 mil reais e aguardando a habilita\u00e7\u00e3o por parte do Minist\u00e9rio da Sa\u00fade. A medida foi tomada atrav\u00e9s de um esfor\u00e7o muito grande por parte ambas as partes, Prefeitura e Santa Casa.<\/span><\/p>\n<p style=\"text-align: center;\"><iframe loading=\"lazy\" style=\"border: none; overflow: hidden;\" src=\"https:\/\/www.facebook.com\/plugins\/video.php?href=https%3A%2F%2Fwww.facebook.com%2Fprefeituralorena%2Fvideos%2F642264909688061%2F&amp;show_text=0&amp;width=560\" width=\"560\" height=\"315\" frameborder=\"0\" scrolling=\"no\" allowfullscreen=\"allowfullscreen\"><\/iframe><\/p>\n","protected":false},"excerpt":{"rendered":"<p>Prefeito F\u00e1bio Marcondes, Vice Prefeita Marietta Bartelega, Secret\u00e1ria de Sa\u00fade Imaculada Concei\u00e7\u00e3o e Superintendente da Santa Casa Dario Barbosa Costa, nesta segunda-feira (11), est\u00e3o viabilizando a comunidade Lorenense, mais dez leitos de UTI. Neste momento t\u00e3o importante, estes dez leitos dar\u00e3o uma garantia a mais para a popula\u00e7\u00e3o, com mais seguran\u00e7a na assist\u00eancia aos pacientes<\/p>\n<div class=\"read-more\"><a href=\"http:\/\/www.lorena.sp.gov.br\/wordpress\/index.php\/2020\/05\/12\/lorena-tera-mais-dez-leitos-de-uti-para-a-santa-casa\/\" title=\"Read More\">Read More<\/a><\/div>\n","protected":false},"author":2,"featured_media":55540,"comment_status":"open","ping_status":"open","sticky":false,"template":"","format":"standard","meta":{"footnotes":""},"categories":[19,128,70,4,13],"tags":[],"class_list":{"0":"post-55528","1":"post","2":"type-post","3":"status-publish","4":"format-standard","5":"has-post-thumbnail","7":"category-comunicacao","8":"category-coronavirus","9":"category-destaques","10":"category-governo","11":"category-saude"},"_links":{"self":[{"href":"http:\/\/www.lorena.sp.gov.br\/wordpress\/index.php\/wp-json\/wp\/v2\/posts\/55528"}],"collection":[{"href":"http:\/\/www.lorena.sp.gov.br\/wordpress\/index.php\/wp-json\/wp\/v2\/posts"}],"about":[{"href":"http:\/\/www.lorena.sp.gov.br\/wordpress\/index.php\/wp-json\/wp\/v2\/types\/post"}],"author":[{"embeddable":true,"href":"http:\/\/www.lorena.sp.gov.br\/wordpress\/index.php\/wp-json\/wp\/v2\/users\/2"}],"replies":[{"embeddable":true,"href":"http:\/\/www.lorena.sp.gov.br\/wordpress\/index.php\/wp-json\/wp\/v2\/comments?post=55528"}],"version-history":[{"count":3,"href":"http:\/\/www.lorena.sp.gov.br\/wordpress\/index.php\/wp-json\/wp\/v2\/posts\/55528\/revisions"}],"predecessor-version":[{"id":55541,"href":"http:\/\/www.lorena.sp.gov.br\/wordpress\/index.php\/wp-json\/wp\/v2\/posts\/55528\/revisions\/55541"}],"wp:featuredmedia":[{"embeddable":true,"href":"http:\/\/www.lorena.sp.gov.br\/wordpress\/index.php\/wp-json\/wp\/v2\/media\/55540"}],"wp:attachment":[{"href":"http:\/\/www.lorena.sp.gov.br\/wordpress\/index.php\/wp-json\/wp\/v2\/media?parent=55528"}],"wp:term":[{"taxonomy":"category","embeddable":true,"href":"http:\/\/www.lorena.sp.gov.br\/wordpress\/index.php\/wp-json\/wp\/v2\/categories?post=55528"},{"taxonomy":"post_tag","embeddable":true,"href":"http:\/\/www.lorena.sp.gov.br\/wordpress\/index.php\/wp-json\/wp\/v2\/tags?post=55528"}],"curies":[{"name":"wp","href":"https:\/\/api.w.org\/{rel}","templated":true}]}}