{"id":32791,"date":"2017-07-13T16:32:30","date_gmt":"2017-07-13T19:32:30","guid":{"rendered":"http:\/\/www.lorena.sp.gov.br\/wordpress\/?p=32791"},"modified":"2017-07-13T16:45:30","modified_gmt":"2017-07-13T19:45:30","slug":"novos-beneficiarios-do-programa-bolsa-familia","status":"publish","type":"post","link":"http:\/\/www.lorena.sp.gov.br\/wordpress\/index.php\/2017\/07\/13\/novos-beneficiarios-do-programa-bolsa-familia\/","title":{"rendered":"Novos benefici\u00e1rios do Programa Bolsa Fam\u00edlia"},"content":{"rendered":"<p>A Prefeitura de Lorena, por meio da Secretaria de Assist\u00eancia e Desenvolvimento Social de Lorena, est\u00e1 atuando para assegurar o direito dos benefici\u00e1rios do Programa Bolsa Fam\u00edlia. Verifique se seu nome consta na lista publicada no link: https:\/\/goo.gl\/QdGUCC ou no site: www.sp.gov.br de pessoas inclu\u00eddas ou reinclu\u00eddas no programa em julho\/2017. O \u00faltimo dia para recebimento da parcela de julho de 2017 \u00e9 dia 30 de outubro de 2017. Para esclarecer d\u00favidas sobre o calend\u00e1rio de pagamentos e cart\u00f5es, voc\u00ea pode ligar para 0800 726 0207. Outras d\u00favidas, procurar a Secretaria de Assist\u00eancia Social do Munic\u00edpio. <\/p>\n","protected":false},"excerpt":{"rendered":"<p>A Prefeitura de Lorena, por meio da Secretaria de Assist\u00eancia e Desenvolvimento Social de Lorena, est\u00e1 atuando para assegurar o direito dos benefici\u00e1rios do Programa Bolsa Fam\u00edlia. Verifique se seu nome consta na lista publicada no link: https:\/\/goo.gl\/QdGUCC ou no site: www.sp.gov.br de pessoas inclu\u00eddas ou reinclu\u00eddas no programa em julho\/2017. O \u00faltimo dia para<\/p>\n<div class=\"read-more\"><a href=\"http:\/\/www.lorena.sp.gov.br\/wordpress\/index.php\/2017\/07\/13\/novos-beneficiarios-do-programa-bolsa-familia\/\" title=\"Read More\">Read More<\/a><\/div>\n","protected":false},"author":2,"featured_media":31606,"comment_status":"open","ping_status":"open","sticky":false,"template":"","format":"standard","meta":{"footnotes":""},"categories":[77,19,70],"tags":[],"class_list":{"0":"post-32791","1":"post","2":"type-post","3":"status-publish","4":"format-standard","5":"has-post-thumbnail","7":"category-sads","8":"category-comunicacao","9":"category-destaques"},"_links":{"self":[{"href":"http:\/\/www.lorena.sp.gov.br\/wordpress\/index.php\/wp-json\/wp\/v2\/posts\/32791"}],"collection":[{"href":"http:\/\/www.lorena.sp.gov.br\/wordpress\/index.php\/wp-json\/wp\/v2\/posts"}],"about":[{"href":"http:\/\/www.lorena.sp.gov.br\/wordpress\/index.php\/wp-json\/wp\/v2\/types\/post"}],"author":[{"embeddable":true,"href":"http:\/\/www.lorena.sp.gov.br\/wordpress\/index.php\/wp-json\/wp\/v2\/users\/2"}],"replies":[{"embeddable":true,"href":"http:\/\/www.lorena.sp.gov.br\/wordpress\/index.php\/wp-json\/wp\/v2\/comments?post=32791"}],"version-history":[{"count":1,"href":"http:\/\/www.lorena.sp.gov.br\/wordpress\/index.php\/wp-json\/wp\/v2\/posts\/32791\/revisions"}],"predecessor-version":[{"id":32792,"href":"http:\/\/www.lorena.sp.gov.br\/wordpress\/index.php\/wp-json\/wp\/v2\/posts\/32791\/revisions\/32792"}],"wp:featuredmedia":[{"embeddable":true,"href":"http:\/\/www.lorena.sp.gov.br\/wordpress\/index.php\/wp-json\/wp\/v2\/media\/31606"}],"wp:attachment":[{"href":"http:\/\/www.lorena.sp.gov.br\/wordpress\/index.php\/wp-json\/wp\/v2\/media?parent=32791"}],"wp:term":[{"taxonomy":"category","embeddable":true,"href":"http:\/\/www.lorena.sp.gov.br\/wordpress\/index.php\/wp-json\/wp\/v2\/categories?post=32791"},{"taxonomy":"post_tag","embeddable":true,"href":"http:\/\/www.lorena.sp.gov.br\/wordpress\/index.php\/wp-json\/wp\/v2\/tags?post=32791"}],"curies":[{"name":"wp","href":"https:\/\/api.w.org\/{rel}","templated":true}]}}