{"id":31313,"date":"2017-05-26T10:45:08","date_gmt":"2017-05-26T13:45:08","guid":{"rendered":"http:\/\/www.lorena.sp.gov.br\/wordpress\/?p=31313"},"modified":"2017-05-29T16:25:18","modified_gmt":"2017-05-29T19:25:18","slug":"dia-do-desafio-tera-mais-de-50-atividades-em-lorena","status":"publish","type":"post","link":"http:\/\/www.lorena.sp.gov.br\/wordpress\/index.php\/2017\/05\/26\/dia-do-desafio-tera-mais-de-50-atividades-em-lorena\/","title":{"rendered":"Dia do Desafio ter\u00e1 mais de 50 atividades em Lorena"},"content":{"rendered":"<p><span style=\"color: #000000;\">O Dia do Desafio est\u00e1 chegando e a popula\u00e7\u00e3o de Lorena est\u00e1 convidada a aderir aos 15 minutos de atividade f\u00edsica. A data \u00e9 31 de maio, na pr\u00f3xima quarta-feira, e a concorrente desta edi\u00e7\u00e3o ser\u00e1 a cidade de San Pedro Pinula, na Guatemala.<\/span><\/p>\n<p><span style=\"color: #000000;\">O\u00a0Dia do Desafio, conhecido nacional e internacionalmente como \u201cChallenge Day\u201d tem como prop\u00f3sito sensibilizar as pessoas acerca da import\u00e2ncia da pr\u00e1tica de atividades f\u00edsicas.<\/span><\/p>\n<p><span style=\"color: #000000;\">Neste ano, Lorena apresenta novidades na programa\u00e7\u00e3o e no modelo de registro das atividades. As a\u00e7\u00f5es acontecer\u00e3o na Pra\u00e7a Dr. Arnolfo de Azevedo e tamb\u00e9m em regi\u00f5es estrat\u00e9gicas da cidade, com atividades programadas e acompanhadas pelos professores da Secretaria de Esporte e Lazer (Sejel). Al\u00e9m do cronograma da Sejel, voc\u00ea pode movimentar a galera do seu ambiente de trabalho, escola, universidade e at\u00e9 mesmo a fam\u00edlia.<\/span><\/p>\n<p><span style=\"color: #000000;\">Sua participa\u00e7\u00e3o \u00e9 primordial para que Lorena ven\u00e7a a cidade de San Pedro Pinula. Pratique 15 minutos de atividade f\u00edsica, no pr\u00f3ximo dia 31, registre por meio de fotos e\/ou v\u00eddeos, contribuindo com a pontua\u00e7\u00e3o da Lorena nessa disputa saud\u00e1vel e envie para a p\u00e1gina da SEJEL no Facebook\u00a0<span style=\"color: #ff0000;\">(<a style=\"color: #ff0000;\" href=\"https:\/\/www.facebook.com\/SEJELdeLorenaSP\">https:\/\/www.facebook.com\/SEJELdeLorenaSP<\/a>)<\/span>. As fotos ser\u00e3o postadas para confirma\u00e7\u00e3o do registro da atividade, ou confirme sua atividade pelo telefone (12) 3157-8767.<\/span><\/p>\n<p><strong><span style=\"color: #000000;\">P<\/span><span style=\"color: #000000;\">rograma\u00e7\u00e3o da Sejel:<\/span><\/strong><\/p>\n<p><span style=\"color: #000000;\"><strong>Pra\u00e7a Dr. Arnolfo de Azevedo<\/strong><\/span><\/p>\n<p><span style=\"color: #000000;\">8h30 \u00e0s 9h30- Alongamento com a prof\u00aa Suzy<\/span><\/p>\n<p><span style=\"color: #000000;\">16h30 \u00e0s 17h &#8211; Aula de yoga na Fonte com o prof\u00ba Adriano<\/span><\/p>\n<p><span style=\"color: #000000;\">17h \u00e0s 17h30 &#8211; Karat\u00ea com a prof\u00aa Celina<\/span><\/p>\n<p><span style=\"color: #000000;\">17h30 \u00e0s 19h &#8211; Atividades da Melhor Idade e do bal\u00e9 com a prof\u00aa Sandra<\/span><\/p>\n<p><span style=\"color: #000000;\">19h \u00e0s 19h30- Zumba com a prof\u00aa Luiza<\/span><\/p>\n<p><span style=\"color: #000000;\">19h30 \u00e0s 20h30 &#8211; Fl\u00e1via, participante do concurso &#8220;100% Anitta&#8221;, do Programa Raul Gil.<\/span><\/p>\n<p><span style=\"color: #000000;\">20h30 &#8211; Break<\/span><\/p>\n<p>&nbsp;<\/p>\n<p class=\"alignnone\"><a href=\"http:\/\/www.lorena.sp.gov.br\/wordpress\/wp-content\/uploads\/2017\/05\/D-ia-do-Desafio-1.png\"><img decoding=\"async\" class=\"aligncenter size-full wp-image-31316\" src=\"http:\/\/www.lorena.sp.gov.br\/wordpress\/wp-content\/uploads\/2017\/05\/D-ia-do-Desafio-1.png\" alt=\"D ia do Desafio 1\" width=\"100%\" srcset=\"http:\/\/www.lorena.sp.gov.br\/wordpress\/wp-content\/uploads\/2017\/05\/D-ia-do-Desafio-1.png 1279w, http:\/\/www.lorena.sp.gov.br\/wordpress\/wp-content\/uploads\/2017\/05\/D-ia-do-Desafio-1-300x143.png 300w, http:\/\/www.lorena.sp.gov.br\/wordpress\/wp-content\/uploads\/2017\/05\/D-ia-do-Desafio-1-1024x487.png 1024w, http:\/\/www.lorena.sp.gov.br\/wordpress\/wp-content\/uploads\/2017\/05\/D-ia-do-Desafio-1-300x143@2x.png 600w\" sizes=\"(max-width: 1279px) 100vw, 1279px\" \/><\/a> <a href=\"http:\/\/www.lorena.sp.gov.br\/wordpress\/wp-content\/uploads\/2017\/05\/Dia-do-Desafio-2.png\"><img decoding=\"async\" class=\"aligncenter size-full wp-image-31317\" src=\"http:\/\/www.lorena.sp.gov.br\/wordpress\/wp-content\/uploads\/2017\/05\/Dia-do-Desafio-2.png\" alt=\"Dia do Desafio 2\" width=\"100%\" srcset=\"http:\/\/www.lorena.sp.gov.br\/wordpress\/wp-content\/uploads\/2017\/05\/Dia-do-Desafio-2.png 1473w, http:\/\/www.lorena.sp.gov.br\/wordpress\/wp-content\/uploads\/2017\/05\/Dia-do-Desafio-2-300x109.png 300w, http:\/\/www.lorena.sp.gov.br\/wordpress\/wp-content\/uploads\/2017\/05\/Dia-do-Desafio-2-1024x371.png 1024w, http:\/\/www.lorena.sp.gov.br\/wordpress\/wp-content\/uploads\/2017\/05\/Dia-do-Desafio-2-300x109@2x.png 600w\" sizes=\"(max-width: 1473px) 100vw, 1473px\" \/><\/a><\/p>\n<p class=\"alignnone\"><span style=\"color: #000000;\"><strong>Gin\u00e1stica Laboral com o prof\u00ba Evandson<\/strong><\/span><\/p>\n<p class=\"alignnone\"><span style=\"color: #000000;\">7h &#8211; Garagem (Secretaria de Servi\u00e7os Municipais)<\/span><\/p>\n<p class=\"alignnone\"><span style=\"color: #000000;\">7h30 &#8211; Secretaria Municipal<\/span><span style=\"color: #000000;\"> de Sa\u00fade<\/span><\/p>\n<p class=\"alignnone\"><span style=\"color: #000000;\">8h &#8211; Pa\u00e7o Municipal\u00a0<\/span><\/p>\n<p class=\"alignnone\"><span style=\"color: #000000;\">8h30 &#8211; Secretaria de Educa\u00e7\u00e3o<\/span><\/p>\n<p class=\"alignnone\"><span style=\"color: #000000;\">9h &#8211;\u00a0Mercad\u00e3o<\/span><\/p>\n","protected":false},"excerpt":{"rendered":"<p>O Dia do Desafio est\u00e1 chegando e a popula\u00e7\u00e3o de Lorena est\u00e1 convidada a aderir aos 15 minutos de atividade f\u00edsica. A data \u00e9 31 de maio, na pr\u00f3xima quarta-feira, e a concorrente desta edi\u00e7\u00e3o ser\u00e1 a cidade de San Pedro Pinula, na Guatemala. O\u00a0Dia do Desafio, conhecido nacional e internacionalmente como \u201cChallenge Day\u201d tem<\/p>\n<div class=\"read-more\"><a href=\"http:\/\/www.lorena.sp.gov.br\/wordpress\/index.php\/2017\/05\/26\/dia-do-desafio-tera-mais-de-50-atividades-em-lorena\/\" title=\"Read More\">Read More<\/a><\/div>\n","protected":false},"author":2,"featured_media":31320,"comment_status":"open","ping_status":"open","sticky":false,"template":"","format":"standard","meta":{"footnotes":""},"categories":[19,70,26],"tags":[],"class_list":{"0":"post-31313","1":"post","2":"type-post","3":"status-publish","4":"format-standard","5":"has-post-thumbnail","7":"category-comunicacao","8":"category-destaques","9":"category-esporte-e-lazer"},"_links":{"self":[{"href":"http:\/\/www.lorena.sp.gov.br\/wordpress\/index.php\/wp-json\/wp\/v2\/posts\/31313"}],"collection":[{"href":"http:\/\/www.lorena.sp.gov.br\/wordpress\/index.php\/wp-json\/wp\/v2\/posts"}],"about":[{"href":"http:\/\/www.lorena.sp.gov.br\/wordpress\/index.php\/wp-json\/wp\/v2\/types\/post"}],"author":[{"embeddable":true,"href":"http:\/\/www.lorena.sp.gov.br\/wordpress\/index.php\/wp-json\/wp\/v2\/users\/2"}],"replies":[{"embeddable":true,"href":"http:\/\/www.lorena.sp.gov.br\/wordpress\/index.php\/wp-json\/wp\/v2\/comments?post=31313"}],"version-history":[{"count":10,"href":"http:\/\/www.lorena.sp.gov.br\/wordpress\/index.php\/wp-json\/wp\/v2\/posts\/31313\/revisions"}],"predecessor-version":[{"id":31447,"href":"http:\/\/www.lorena.sp.gov.br\/wordpress\/index.php\/wp-json\/wp\/v2\/posts\/31313\/revisions\/31447"}],"wp:featuredmedia":[{"embeddable":true,"href":"http:\/\/www.lorena.sp.gov.br\/wordpress\/index.php\/wp-json\/wp\/v2\/media\/31320"}],"wp:attachment":[{"href":"http:\/\/www.lorena.sp.gov.br\/wordpress\/index.php\/wp-json\/wp\/v2\/media?parent=31313"}],"wp:term":[{"taxonomy":"category","embeddable":true,"href":"http:\/\/www.lorena.sp.gov.br\/wordpress\/index.php\/wp-json\/wp\/v2\/categories?post=31313"},{"taxonomy":"post_tag","embeddable":true,"href":"http:\/\/www.lorena.sp.gov.br\/wordpress\/index.php\/wp-json\/wp\/v2\/tags?post=31313"}],"curies":[{"name":"wp","href":"https:\/\/api.w.org\/{rel}","templated":true}]}}